{"id":21619,"date":"2024-06-28T22:27:10","date_gmt":"2024-06-28T22:27:10","guid":{"rendered":"http:\/\/vina-pinteric.si\/?p=21619"},"modified":"2024-08-16T09:41:35","modified_gmt":"2024-08-16T09:41:35","slug":"zmagovalec-ocenjevanja-modrih-frankinj-v-sevnici","status":"publish","type":"post","link":"https:\/\/vina-pinteric.si\/en\/zmagovalec-ocenjevanja-modrih-frankinj-v-sevnici\/","title":{"rendered":"Zmagovalec ocenjevanja modrih frankinj v Sevnici"},"content":{"rendered":"<div data-elementor-type=\"wp-post\" data-elementor-id=\"21619\" class=\"elementor elementor-21619\">\n\t\t\t\t<section class=\"elementor-section elementor-top-section elementor-element elementor-element-74fdbe96 elementor-section-boxed elementor-section-height-default elementor-section-height-default sc_fly_static\" data-id=\"74fdbe96\" data-element_type=\"section\">\n\t\t\t\t\t\t<div class=\"elementor-container elementor-column-gap-extended\">\n\t\t\t\t\t<div class=\"elementor-column elementor-col-100 elementor-top-column elementor-element elementor-element-271436ae sc_content_align_inherit sc_layouts_column_icons_position_left sc_fly_static\" data-id=\"271436ae\" data-element_type=\"column\">\n\t\t\t<div class=\"elementor-widget-wrap elementor-element-populated\">\n\t\t\t\t\t\t<div class=\"elementor-element elementor-element-3f4bad0 sc_fly_static elementor-widget elementor-widget-text-editor\" data-id=\"3f4bad0\" data-element_type=\"widget\" data-widget_type=\"text-editor.default\">\n\t\t\t\t<div class=\"elementor-widget-container\">\n\t\t\t\t\t\t\t\t\t<p><\/p>\n<p>Na 14. Festivalu modre frankinje na sevni\u0161kem gradu smo osvojili naslov absolutnega prvaka z na\u0161o modro frankinjo letnika 2022. Ta zmaga nas ni presenetila, saj je ista frankinja \u017ee lani prejela visoke ocene in zmagala na ve\u010d ocenjevanjih. Ferdo Pinteri\u010d, ki vinogradni\u0161tvo vodi kot hobi, obdeluje dva hektarja vinogradov, kjer goji predvsem modro frankinjo, la\u0161ki rizling, dornfelder in druge sorte. Njegova uspe\u0161na modra frankinja je bila obirna pozno, kar je omogo\u010dilo bolj\u0161o zrelost taninov, kar je klju\u010dno za njeno kakovost. Ferdo na\u010drtuje raz\u0161iritev dejavnosti v vinski turizem, a poudarja, da ta zahteva veliko predanosti in \u010dasa. Z vinogradni\u0161tvom se ukvarja od mladih nog, nadaljujo\u010d dru\u017einsko tradicijo, ki sega v \u010das po drugi svetovni vojni, ko sta se njegova star\u0161a preselila na Sromlje in za\u010dela kmetovati. Razmi\u0161lja, da bi se po upokojitvi vinarstva lotil bolj profesionalno, vendar opozarja na izzive \u0161irjenja kmetije in birokratske zahteve.<\/p>\n<p><\/p>\n<p><\/p>\n<p><\/p>\n<p><\/p>\n<div class=\"wp-block-spacer\" style=\"height: 20px;\" aria-hidden=\"true\">\u00a0<\/div>\n<p><\/p>\n<p><\/p>\n<figure class=\"wp-block-gallery alignwide has-nested-images columns-default is-cropped wp-block-gallery-3 is-layout-flex wp-block-gallery-is-layout-flex\"><p>\u00a0<\/p>\n<figure class=\"wp-block-image size-large\"><img fetchpriority=\"high\" decoding=\"async\" width=\"1024\" height=\"682\" sizes=\"(max-width: 1024px) 100vw, 1024px\" data-id=\"22924\" class=\"wp-image-22924\" src=\"https:\/\/vina-pinteric.si\/wp-content\/uploads\/2021\/11\/Ferdo-Pinteric07-be-667d6a9165b24-1024x682.jpg\" alt=\"\" srcset=\"https:\/\/vina-pinteric.si\/wp-content\/uploads\/2021\/11\/Ferdo-Pinteric07-be-667d6a9165b24-1024x682.jpg 1024w, https:\/\/vina-pinteric.si\/wp-content\/uploads\/2021\/11\/Ferdo-Pinteric07-be-667d6a9165b24-300x200.jpg 300w, https:\/\/vina-pinteric.si\/wp-content\/uploads\/2021\/11\/Ferdo-Pinteric07-be-667d6a9165b24-768x512.jpg 768w, https:\/\/vina-pinteric.si\/wp-content\/uploads\/2021\/11\/Ferdo-Pinteric07-be-667d6a9165b24-370x247.jpg 370w, https:\/\/vina-pinteric.si\/wp-content\/uploads\/2021\/11\/Ferdo-Pinteric07-be-667d6a9165b24-840x560.jpg 840w, https:\/\/vina-pinteric.si\/wp-content\/uploads\/2021\/11\/Ferdo-Pinteric07-be-667d6a9165b24-410x273.jpg 410w, https:\/\/vina-pinteric.si\/wp-content\/uploads\/2021\/11\/Ferdo-Pinteric07-be-667d6a9165b24-600x400.jpg 600w, https:\/\/vina-pinteric.si\/wp-content\/uploads\/2021\/11\/Ferdo-Pinteric07-be-667d6a9165b24.jpg 1280w\" \/>\n<p>\u00a0<\/p>\n<figcaption class=\"wp-element-caption\">Ferdo Pinteri\u010d, Prvak 14. festivala modre frankinje v Sevnici<br \/>Sromlje, 20.06.2024<br \/>Foto: Ale\u0161 Beno<\/figcaption>\n<\/figure>\n<p><\/p>\n<p><\/p>\n<figure class=\"wp-block-image size-large\"><img decoding=\"async\" width=\"1024\" height=\"682\" sizes=\"(max-width: 1024px) 100vw, 1024px\" data-id=\"22926\" class=\"wp-image-22926\" src=\"https:\/\/vina-pinteric.si\/wp-content\/uploads\/2021\/11\/klet-Pinteric16-be-6679d0ecc5ac9-1-1024x682.jpg\" alt=\"\" srcset=\"https:\/\/vina-pinteric.si\/wp-content\/uploads\/2021\/11\/klet-Pinteric16-be-6679d0ecc5ac9-1-1024x682.jpg 1024w, https:\/\/vina-pinteric.si\/wp-content\/uploads\/2021\/11\/klet-Pinteric16-be-6679d0ecc5ac9-1-300x200.jpg 300w, https:\/\/vina-pinteric.si\/wp-content\/uploads\/2021\/11\/klet-Pinteric16-be-6679d0ecc5ac9-1-768x512.jpg 768w, https:\/\/vina-pinteric.si\/wp-content\/uploads\/2021\/11\/klet-Pinteric16-be-6679d0ecc5ac9-1-370x247.jpg 370w, https:\/\/vina-pinteric.si\/wp-content\/uploads\/2021\/11\/klet-Pinteric16-be-6679d0ecc5ac9-1-840x560.jpg 840w, https:\/\/vina-pinteric.si\/wp-content\/uploads\/2021\/11\/klet-Pinteric16-be-6679d0ecc5ac9-1-410x273.jpg 410w, https:\/\/vina-pinteric.si\/wp-content\/uploads\/2021\/11\/klet-Pinteric16-be-6679d0ecc5ac9-1-600x400.jpg 600w, https:\/\/vina-pinteric.si\/wp-content\/uploads\/2021\/11\/klet-Pinteric16-be-6679d0ecc5ac9-1.jpg 1280w\" \/>\n<p>\u00a0<\/p>\n<figcaption class=\"wp-element-caption\">Ferdo Pinteri\u010d, Prvak 14. festivala modre frankinje v Sevnici<br \/>Sromlje, 20.06.2024<br \/>Foto: Ale\u0161 Beno<\/figcaption>\n<\/figure>\n<p><\/p>\n<\/figure>\n<p><\/p>\n<p><\/p>\n<div class=\"wp-block-spacer\" style=\"height: 20px;\" aria-hidden=\"true\">\u00a0<\/div>\n<p><\/p>\n<blockquote class=\"trx_addons_blockquote_style_1\">\n<p>\u00bbNa ocenjevanju sem prvi\u010d sodeloval lani in zmagal v kategoriji modrih frankinj aktualnega letnika. Letos sem isto frankinjo letnika 2022 poslal na ocenjevanje v kategorijo starej\u0161ih letnikov, kjer je zasedla drugo mesto, a v naknadnem, primerjalnem ocenjevanju zmagala in postala prvakinja ocenjevanja,\u00ab Ferdinand Pinteri\u010d<\/p>\n<\/blockquote>\n<p><\/p>\n<div class=\"wp-block-spacer\" style=\"height: 20px;\" aria-hidden=\"true\">\u00a0<\/div>\n<p><\/p>\n<p><\/p>\n<figure class=\"wp-block-gallery alignwide has-nested-images columns-default is-cropped wp-block-gallery-4 is-layout-flex wp-block-gallery-is-layout-flex\"><h2 class=\"wp-block-heading has-text-align-center\">PREBERITE CELOTEN \u010cLANEK NA PORTALU &#8220;OVINU.SI&#8221;<\/h2>\n<figure class=\"wp-block-image size-grange-thumb-huge\"><a href=\"https:\/\/www.ovinu.si\/novice\/ferdo-pinteric-zmagovalec-letosnjega-ocenjevanja-modrih-frankinj-v-sevnici\/a\/9025085\" target=\"_blank\" rel=\"noopener\"><img decoding=\"async\" sizes=\"(max-width: 1290px) 100vw, 1290px\" data-id=\"22927\" class=\"alignnone wp-image-22927\" src=\"https:\/\/vina-pinteric.si\/wp-content\/uploads\/2021\/11\/Posnetek-zaslona-2024-08-16-113417-1290x725.png\" alt=\"\" width=\"1290\" height=\"725\" ><\/figcaption>\n<\/figure>\n<p><\/p>\n<\/figure>\n<p><\/p>\n<p><\/p>\n<h2 class=\"wp-block-heading has-text-align-center\">\u00a0<\/h2>\n<p><\/p>\t\t\t\t\t\t\t\t<\/div>\n\t\t\t\t<\/div>\n\t\t\t\t\t<\/div>\n\t\t<\/div>\n\t\t\t\t\t<\/div>\n\t\t<\/section>\t\t<\/div>","protected":false},"excerpt":{"rendered":"<p>Na 14. Festivalu modre frankinje na sevni\u0161kem gradu smo osvojili naslov absolutnega prvaka z na\u0161o modro frankinjo letnika 2022. Ta zmaga nas ni presenetila, saj je ista frankinja \u017ee lani&hellip;<\/p>","protected":false},"author":1,"featured_media":22927,"comment_status":"closed","ping_status":"closed","sticky":false,"template":"","format":"standard","meta":{"footnotes":""},"categories":[249,250],"tags":[],"class_list":["post-21619","post","type-post","status-publish","format-standard","has-post-thumbnail","hentry","category-festivali","category-nagrade"],"_links":{"self":[{"href":"https:\/\/vina-pinteric.si\/en\/wp-json\/wp\/v2\/posts\/21619","targetHints":{"allow":["GET"]}}],"collection":[{"href":"https:\/\/vina-pinteric.si\/en\/wp-json\/wp\/v2\/posts"}],"about":[{"href":"https:\/\/vina-pinteric.si\/en\/wp-json\/wp\/v2\/types\/post"}],"author":[{"embeddable":true,"href":"https:\/\/vina-pinteric.si\/en\/wp-json\/wp\/v2\/users\/1"}],"replies":[{"embeddable":true,"href":"https:\/\/vina-pinteric.si\/en\/wp-json\/wp\/v2\/comments?post=21619"}],"version-history":[{"count":6,"href":"https:\/\/vina-pinteric.si\/en\/wp-json\/wp\/v2\/posts\/21619\/revisions"}],"predecessor-version":[{"id":22933,"href":"https:\/\/vina-pinteric.si\/en\/wp-json\/wp\/v2\/posts\/21619\/revisions\/22933"}],"wp:featuredmedia":[{"embeddable":true,"href":"https:\/\/vina-pinteric.si\/en\/wp-json\/wp\/v2\/media\/22927"}],"wp:attachment":[{"href":"https:\/\/vina-pinteric.si\/en\/wp-json\/wp\/v2\/media?parent=21619"}],"wp:term":[{"taxonomy":"category","embeddable":true,"href":"https:\/\/vina-pinteric.si\/en\/wp-json\/wp\/v2\/categories?post=21619"},{"taxonomy":"post_tag","embeddable":true,"href":"https:\/\/vina-pinteric.si\/en\/wp-json\/wp\/v2\/tags?post=21619"}],"curies":[{"name":"wp","href":"https:\/\/api.w.org\/{rel}","templated":true}]}}